[{"@context":"https:\/\/schema.org\/","@type":"Article","@id":"https:\/\/www.zatrati.cz\/priprava-pro-budouciho-cyklistu\/#Article","mainEntityOfPage":"https:\/\/www.zatrati.cz\/priprava-pro-budouciho-cyklistu\/","headline":"P\u0159\u00edprava pro budouc\u00edho cyklistu","name":"P\u0159\u00edprava pro budouc\u00edho cyklistu","description":"Cyklistika se st\u00e1v\u00e1 ur\u010dit\u00fdm \u017eivotn\u00edm stylem, ve kter\u00e9m nechyb\u00ed pohyb a pozn\u00e1v\u00e1n\u00ed nezn\u00e1m\u00fdch m\u00edst. Rodi\u010de \u010dasto u\u017e od ko\u010d\u00e1rku sv\u00e9 d\u011bti k t\u00e9to v\u00e1\u0161n\u00ed trp\u011bliv\u011b vedou a doufaj\u00ed, \u017ee tuto z\u00e1bavu budou s nimi r\u00e1di sd\u00edlet. Bohu\u017eel i to co je nejl\u00e9pe my\u0161len\u00e9, m\u016f\u017ee b\u00fdt znechuceno nekone\u010dn\u00fdm u\u010den\u00edm, kter\u00e9 prost\u011b nejde hned. A kdy\u017e d\u011btem [&hellip;]","datePublished":"2020-05-18","dateModified":"2023-05-01","author":{"@type":"Person","@id":"https:\/\/www.zatrati.cz\/author\/devene\/#Person","name":"devene","url":"https:\/\/www.zatrati.cz\/author\/devene\/","identifier":1,"image":{"@type":"ImageObject","@id":"https:\/\/secure.gravatar.com\/avatar\/dac37d998cdbc92cc7ee5d23d4d689a369122af40c5450007470acab45b61d68?s=96&d=mm&r=g","url":"https:\/\/secure.gravatar.com\/avatar\/dac37d998cdbc92cc7ee5d23d4d689a369122af40c5450007470acab45b61d68?s=96&d=mm&r=g","height":96,"width":96}},"publisher":{"@type":"Organization","name":"zatrati.cz","logo":{"@type":"ImageObject","@id":"\/logo.png","url":"\/logo.png","width":600,"height":60}},"image":{"@type":"ImageObject","@id":"https:\/\/www.zatrati.cz\/wp-content\/uploads\/silueta%20d%C3%ADvky%20s%20kolem_1.JPG","url":"https:\/\/www.zatrati.cz\/wp-content\/uploads\/silueta%20d%C3%ADvky%20s%20kolem_1.JPG","height":0,"width":0},"url":"https:\/\/www.zatrati.cz\/priprava-pro-budouciho-cyklistu\/","about":["Zbo\u017e\u00ed"],"wordCount":476,"articleBody":"        Cyklistika se st\u00e1v\u00e1 ur\u010dit\u00fdm \u017eivotn\u00edm stylem, ve kter\u00e9m nechyb\u00ed pohyb a pozn\u00e1v\u00e1n\u00ed nezn\u00e1m\u00fdch m\u00edst. Rodi\u010de \u010dasto u\u017e od ko\u010d\u00e1rku sv\u00e9 d\u011bti k t\u00e9to v\u00e1\u0161n\u00ed trp\u011bliv\u011b vedou a doufaj\u00ed, \u017ee tuto z\u00e1bavu budou s nimi r\u00e1di sd\u00edlet. Bohu\u017eel i to co je nejl\u00e9pe my\u0161len\u00e9, m\u016f\u017ee b\u00fdt znechuceno nekone\u010dn\u00fdm u\u010den\u00edm, kter\u00e9 prost\u011b nejde hned. A kdy\u017e d\u011btem n\u011bco nejde, ob\u010das rychle ztrat\u00ed trp\u011blivost a jdou cestou rezignace k ur\u010dit\u00e9 \u010dinnosti. Tou m\u016f\u017ee b\u00fdt i va\u0161e obl\u00edben\u00e1 j\u00edzda na kole.Aby tomu tak nebylo, zkuste v\u0161e nenucenou cestou. D\u011bti, kter\u00e9 sed\u00ed, vozte za sebou na j\u00edzdn\u00edm kole na speci\u00e1ln\u00ed seda\u010dce, rozhodn\u011b nezapom\u00ednejte na helmu, st\u00e1t se m\u016f\u017ee v\u0161e a prevence je v\u017edy na prvn\u00edm m\u00edst\u011b. D\u011b\u0165\u00e1tko si tak zvyk\u00e1 na j\u00edzdu a nem\u00e1 strach. Kolem roku za\u010dne m\u00edt d\u00edt\u011b z\u00e1jem se samo odstrk\u00e1vat. A\u0165 u\u017e vyu\u017eijete motorku nebo aut\u00ed\u010dko je to jedno, nejmen\u0161\u00ed d\u011bti se nau\u010d\u00ed syst\u00e9m jak na to. A te\u010f u\u017e netrp\u011bliv\u011b \u010dek\u00e1te, kdy kone\u010dn\u011b va\u0161e zlat\u00ed\u010dko bude jezdit na kole? Nesp\u011bchejte na tuto f\u00e1zi si je\u0161t\u011b v\u011bt\u0161inou p\u00e1r let po\u010dk\u00e1te, ale nezoufejte, bl\u00ed\u017e\u00ed se to pomalu, ale jist\u011b!V\u011bt\u0161\u00ed d\u011bti od zhruba dvou let jsou na odr\u00e1\u017eedle velmi \u0161ikovn\u00e9 a jezd\u00ed i celkem velkou rychlost\u00ed. Nejrad\u0161i byste d\u00edt\u011b posadili na kolo a a\u0165 \u0161lape, ale ned\u011blejte tuto chybu, rad\u011bji mu po\u0159i\u010fte d\u011btsk\u00e9 odr\u00e1\u017eedlo od 2 let. Jedn\u00e1 se v podstat\u011b o n\u011bco mezi odr\u00e1\u017eedlem pro nejmen\u0161\u00edm a d\u011btsk\u00fdm kolem, n\u011bkdy se mu tak\u00e9 \u0159\u00edk\u00e1 &#8222;first bike&#8220; p\u0159elo\u017eeno prvn\u00ed kolo. Odr\u00e1\u017eedlo je p\u0159izp\u016fsobeno vy\u0161\u0161\u00ed v\u00fd\u0161ce d\u00edt\u011bte a co je d\u016fle\u017eit\u00e9, u\u017e m\u00e1 pouze dv\u011b kola, tak\u017ee v\u00e1\u0161 mal\u00fd \u010f\u00e1bl\u00edk se na n\u011bm perfektn\u011b u\u010d\u00ed stabilit\u011b, mo\u017en\u00e1 p\u00e1rkr\u00e1t spadne, ale brzy bude jezdit jak profesion\u00e1ln\u00ed z\u00e1vodn\u00edk. Toto se stane dostate\u010dnou p\u0159\u00edpravou na jezd\u011bn\u00ed na prvn\u00edm klasick\u00e9m kole a to pozor, mo\u017en\u00e1 zvl\u00e1dnete i bez pomocn\u00fdch kole\u010dek!Jak je to mo\u017en\u00e9? D\u00edky tomuto odr\u00e1\u017eedle pro v\u011bt\u0161\u00ed d\u011bti se v\u00e1\u0161 mil\u00e1\u010dek nau\u010d\u00ed stabilit\u011b a pomocn\u00e1 kole\u010dka se stanou zbyte\u010dnou pom\u016fckou, kter\u00e1 pro n\u011bj bude naprosto neopodstatn\u011bn\u00e1, tak se v\u00e1m budouc\u00ed u\u010den\u00ed velmi usnadn\u00ed a to je jist\u011b velk\u00e9 plus pro v\u00e1s i va\u0161eho potomka!                                                                                                                                                                                                                                                                                                                                                                                          4.3\/5 - (3 votes)        "},{"@context":"https:\/\/schema.org\/","@type":"BreadcrumbList","itemListElement":[{"@type":"ListItem","position":1,"name":"P\u0159\u00edprava pro budouc\u00edho cyklistu","item":"https:\/\/www.zatrati.cz\/priprava-pro-budouciho-cyklistu\/#breadcrumbitem"}]}]